{"id":1,"date":"2011-08-12T21:23:17","date_gmt":"2011-08-12T21:23:17","guid":{"rendered":"http:\/\/109.74.197.37\/evgenija\/?p=1"},"modified":"2013-01-28T18:42:32","modified_gmt":"2013-01-28T18:42:32","slug":"zlate-zene","status":"publish","type":"post","link":"https:\/\/www.evgenija.net\/en\/zlate-zene\/","title":{"rendered":"Evgenija Jarc: Zlate \u017eene"},"content":{"rendered":"<ul id=\"eventData\">\n<li><strong>Kaj:<\/strong> Likovna razstava<\/li>\n<li><strong>Kdaj:<\/strong> pet. 12.8.2011 ob 20.00 do pet. 30.9.2011<\/li>\n<li><strong>Kje:<\/strong> Cerkev Device Marije v Polju, Bovec<\/li>\n<\/ul>\n<p>&nbsp;<\/p>\n<p>Naslov ciklusa ARS LOCI poudarja pomen prostora, v katerega so razstave ume\u010dene \u2013 to je poznogotska cerkvica, ki je \u017ee vrsto let tudi svojevrsten kulturni hram. Dialog med umetnikimi deli in religioznim ob\u010dutjem sakralnega prostora tako ustvarja za\u010dasno celostno umetnino.<\/p>\n<p>Evgenija Jarc s slikami ZLATE \u017dENE na sodoben na\u010din predstavlja portrete svetopisemskih \u017eena. Slike so tudi izraz slikarkinih meditacij in ob\u010dutij ter poskus poistovetenja z notranjim \u017eenskim bistvom, kakor se ji razkriva skozi arhetipe svetopisemskih likov. Hierarhi\u010dne in sakralne poudarke avtorica dose\u017ee z uporabo zlate barve.<\/p>\n<p>Otvoritveni program bosta popestrili sopranistka Simona Osterc in pesnica Barbara \u0160\u00f6men.<\/p>\n<p>Kustosinja razstave: Monika Ivan\u010di\u010d Fajfar<br \/>\nOrganizator razstave:Drutvo ARS Bovec<\/p>\n<p>Ve\u010d informacij: <strong><a href=\"http:\/\/www.artis.si\/razstave\/ars-locievgenija-jarc-zlate-ene\">www.artis.si<\/a><\/strong><br \/>\nVir: Monika Ivan\u010di\u010d Fajfar, kustosinja, Napovednik.com<\/p>\n<p>&nbsp;<\/p>\n<p><a  href=\"http:\/\/www.evgenija.net\/wp-content\/uploads\/Bovec-2011-cerkev-Device-Marije-v-Polju.jpg\" data-rel=\"lightbox-gallery-0\" data-rl_title=\"Bovec 2011, cerkev Device Marije v Polju\" data-rl_caption=\"\" title=\"Bovec 2011, cerkev Device Marije v Polju\"><img loading=\"lazy\" decoding=\"async\" class=\"size-thumbnail wp-image-496 alignleft\" alt=\"Bovec 2011, cerkev Device Marije v Polju\" src=\"http:\/\/www.evgenija.net\/wp-content\/uploads\/Bovec-2011-cerkev-Device-Marije-v-Polju-150x150.jpg\" width=\"150\" height=\"150\" srcset=\"https:\/\/www.evgenija.net\/wp-content\/uploads\/Bovec-2011-cerkev-Device-Marije-v-Polju-150x150.jpg 150w, https:\/\/www.evgenija.net\/wp-content\/uploads\/Bovec-2011-cerkev-Device-Marije-v-Polju-155x155.jpg 155w, https:\/\/www.evgenija.net\/wp-content\/uploads\/Bovec-2011-cerkev-Device-Marije-v-Polju-75x75.jpg 75w\" sizes=\"auto, (max-width: 150px) 100vw, 150px\" \/><\/a> <a  href=\"http:\/\/www.evgenija.net\/wp-content\/uploads\/Bovec-2011-cerkev-Device-Marije-v-Polju-2.jpg\" data-rel=\"lightbox-gallery-0\" data-rl_title=\"Bovec 2011, cerkev Device Marije v Polju (2)\" data-rl_caption=\"\" title=\"Bovec 2011, cerkev Device Marije v Polju (2)\"><img loading=\"lazy\" decoding=\"async\" class=\"size-thumbnail wp-image-497 alignleft\" alt=\"Bovec 2011, cerkev Device Marije v Polju (2)\" src=\"http:\/\/www.evgenija.net\/wp-content\/uploads\/Bovec-2011-cerkev-Device-Marije-v-Polju-2-150x150.jpg\" width=\"150\" height=\"150\" srcset=\"https:\/\/www.evgenija.net\/wp-content\/uploads\/Bovec-2011-cerkev-Device-Marije-v-Polju-2-150x150.jpg 150w, https:\/\/www.evgenija.net\/wp-content\/uploads\/Bovec-2011-cerkev-Device-Marije-v-Polju-2-155x155.jpg 155w, https:\/\/www.evgenija.net\/wp-content\/uploads\/Bovec-2011-cerkev-Device-Marije-v-Polju-2-75x75.jpg 75w\" sizes=\"auto, (max-width: 150px) 100vw, 150px\" \/><\/a> <a  href=\"http:\/\/www.evgenija.net\/wp-content\/uploads\/Bovec-2011-cerkve-Device-Marije-v-Polju.jpg\" data-rel=\"lightbox-gallery-0\" data-rl_title=\"Bovec 2011, cerkve Device Marije v Polju\" data-rl_caption=\"\" title=\"Bovec 2011, cerkve Device Marije v Polju\"><img loading=\"lazy\" decoding=\"async\" class=\"size-thumbnail wp-image-498 alignleft\" alt=\"Bovec 2011, cerkve Device Marije v Polju\" src=\"http:\/\/www.evgenija.net\/wp-content\/uploads\/Bovec-2011-cerkve-Device-Marije-v-Polju-150x150.jpg\" width=\"150\" height=\"150\" srcset=\"https:\/\/www.evgenija.net\/wp-content\/uploads\/Bovec-2011-cerkve-Device-Marije-v-Polju-150x150.jpg 150w, https:\/\/www.evgenija.net\/wp-content\/uploads\/Bovec-2011-cerkve-Device-Marije-v-Polju-155x155.jpg 155w, https:\/\/www.evgenija.net\/wp-content\/uploads\/Bovec-2011-cerkve-Device-Marije-v-Polju-75x75.jpg 75w\" sizes=\"auto, (max-width: 150px) 100vw, 150px\" \/><\/a><\/p>\n<p>&nbsp;<\/p>\n","protected":false},"excerpt":{"rendered":"<p>Kaj: Likovna razstava Kdaj: pet. 12.8.2011 ob 20.00 do pet. 30.9.2011 Kje: Cerkev Device Marije v Polju, Bovec &nbsp; Naslov ciklusa ARS LOCI poudarja pomen&hellip; <\/p>\n","protected":false},"author":2,"featured_media":0,"comment_status":"open","ping_status":"open","sticky":false,"template":"","format":"standard","meta":{"footnotes":""},"categories":[5],"tags":[],"class_list":["post-1","post","type-post","status-publish","format-standard","hentry","category-frpovezave"],"_links":{"self":[{"href":"https:\/\/www.evgenija.net\/en\/wp-json\/wp\/v2\/posts\/1","targetHints":{"allow":["GET"]}}],"collection":[{"href":"https:\/\/www.evgenija.net\/en\/wp-json\/wp\/v2\/posts"}],"about":[{"href":"https:\/\/www.evgenija.net\/en\/wp-json\/wp\/v2\/types\/post"}],"author":[{"embeddable":true,"href":"https:\/\/www.evgenija.net\/en\/wp-json\/wp\/v2\/users\/2"}],"replies":[{"embeddable":true,"href":"https:\/\/www.evgenija.net\/en\/wp-json\/wp\/v2\/comments?post=1"}],"version-history":[{"count":0,"href":"https:\/\/www.evgenija.net\/en\/wp-json\/wp\/v2\/posts\/1\/revisions"}],"wp:attachment":[{"href":"https:\/\/www.evgenija.net\/en\/wp-json\/wp\/v2\/media?parent=1"}],"wp:term":[{"taxonomy":"category","embeddable":true,"href":"https:\/\/www.evgenija.net\/en\/wp-json\/wp\/v2\/categories?post=1"},{"taxonomy":"post_tag","embeddable":true,"href":"https:\/\/www.evgenija.net\/en\/wp-json\/wp\/v2\/tags?post=1"}],"curies":[{"name":"wp","href":"https:\/\/api.w.org\/{rel}","templated":true}]}}